{"id":4855,"date":"2024-03-29T08:10:42","date_gmt":"2024-03-29T08:10:42","guid":{"rendered":"https:\/\/marendeepwell.com\/?p=4855"},"modified":"2024-03-31T10:34:44","modified_gmt":"2024-03-31T10:34:44","slug":"oer24-blogging-is-the-way-open-is-the-way","status":"publish","type":"post","link":"https:\/\/marendeepwell.com\/?p=4855","title":{"rendered":"OER24: Blogging is the way&#8230; open is the way"},"content":{"rendered":"\n<p class=\"wp-block-paragraph\">I am still in Cork, Ireland, as I write this post, feeling both tired and elated after a wonderful week at the <a href=\"https:\/\/www.oer2024.co.uk\/\">OER24 Conference<\/a>. My first time attending the conference as a delegate was a great experience, and I thoroughly enjoyed it!<\/p>\n\n\n\n<p class=\"wp-block-paragraph\">The Co-Chairs, Dr Gear\u00f3id \u00d3 S\u00failleabh\u00e1in and Dr Tom Farrelly from the host institution <a href=\"https:\/\/www.mtu.ie\/about-mtu\/our-campuses\/mtu-bishopstown-campus\/\" target=\"_blank\" rel=\"noreferrer noopener\">Munster Technological University (MTU).<\/a> led a fantastic effort together with ALT&#8217;s team headed up by Kerry Pinny, and the Conference Committee and MTU teams did everything to make the event such as success. Big kudos to all involved!<\/p>\n\n\n\n<p class=\"wp-block-paragraph\">In the best tradition of the conference, you can explore:<\/p>\n\n\n\n<ul class=\"wp-block-list\">\n<li><a href=\"https:\/\/www.alt.ac.uk\/civicrm\/mailing\/url?u=8103&amp;qid=251268\" target=\"_blank\" rel=\"noreferrer noopener\">Keynote Day 1: Betwixt fairy tales and dystopian futures by Dr Rajiv Jhangiani<\/a><\/li>\n\n\n\n<li><a href=\"https:\/\/www.alt.ac.uk\/civicrm\/mailing\/url?u=8104&amp;qid=251268\" target=\"_blank\" rel=\"noreferrer noopener\">Keynote Day 2: by Dr Catherine Cronin and Professor Laura Czerniewicz<\/a><\/li>\n\n\n\n<li><a href=\"https:\/\/www.alt.ac.uk\/civicrm\/mailing\/url?u=8105&amp;qid=251268\" target=\"_blank\" rel=\"noreferrer noopener\">Day 1 GASTA Sessions with Co-Chair Dr Tom Farrelly<\/a>&nbsp;<\/li>\n\n\n\n<li><a href=\"https:\/\/www.alt.ac.uk\/civicrm\/mailing\/url?u=8106&amp;qid=251268\" target=\"_blank\" rel=\"noreferrer noopener\">OER24 blog guest posts&nbsp;<\/a><\/li>\n\n\n\n<li>History of the&nbsp;<a href=\"https:\/\/www.alt.ac.uk\/civicrm\/mailing\/url?u=8107&amp;qid=251268\" target=\"_blank\" rel=\"noreferrer noopener\">OER24 artwork with Bryan Mathers<\/a><\/li>\n<\/ul>\n\n\n\n<p class=\"wp-block-paragraph\">as well as a host of slides, resources and images posted with the hashtag #OER24. <\/p>\n\n\n\n<h2 class=\"wp-block-heading\">My OER24 highlights<\/h2>\n\n\n<div class=\"wp-block-image\">\n<figure class=\"aligncenter size-full is-resized\"><a href=\"https:\/\/marendeepwell.com\/wp-content\/uploads\/2024\/02\/Screenshot-2024-02-27-at-08.36.42.png\"><img loading=\"lazy\" decoding=\"async\" width=\"1590\" height=\"1338\" src=\"https:\/\/marendeepwell.com\/wp-content\/uploads\/2024\/02\/Screenshot-2024-02-27-at-08.36.42.png\" alt=\"\" class=\"wp-image-4786\" style=\"width:500px\" srcset=\"https:\/\/marendeepwell.com\/wp-content\/uploads\/2024\/02\/Screenshot-2024-02-27-at-08.36.42.png 1590w, https:\/\/marendeepwell.com\/wp-content\/uploads\/2024\/02\/Screenshot-2024-02-27-at-08.36.42-300x252.png 300w, https:\/\/marendeepwell.com\/wp-content\/uploads\/2024\/02\/Screenshot-2024-02-27-at-08.36.42-1024x862.png 1024w, https:\/\/marendeepwell.com\/wp-content\/uploads\/2024\/02\/Screenshot-2024-02-27-at-08.36.42-768x646.png 768w, https:\/\/marendeepwell.com\/wp-content\/uploads\/2024\/02\/Screenshot-2024-02-27-at-08.36.42-1536x1293.png 1536w\" sizes=\"auto, (max-width: 1590px) 100vw, 1590px\" \/><\/a><\/figure>\n<\/div>\n\n\n<p class=\"wp-block-paragraph\">Together with my colleague Meredith (Fierro) Huffman from Reclaim Hosting I did a short talk on Reclaiming #Edtech4life in Open Education. I <a href=\"https:\/\/marendeepwell.com\/?p=4783\">blogged a preview<\/a> of this a few weeks before the event, and <a href=\"https:\/\/meredithhuffman.com\/reclaiming-the-edtech4life-mentality\/\">Meredith blogged our talk<\/a> complete with slides and a link to the full video version we recorded together with Jim Groom on her blog.<\/p>\n\n\n\n<p class=\"wp-block-paragraph\">We had the best fun with this talk and it prompted los of questions and inspiring conversations, which is always the best bit of being able to hang out at conferences in person. <\/p>\n\n\n<div class=\"wp-block-image\">\n<figure class=\"aligncenter size-large is-resized\"><a href=\"https:\/\/marendeepwell.com\/wp-content\/uploads\/2024\/03\/OER24Cover.jpg\"><img loading=\"lazy\" decoding=\"async\" width=\"1024\" height=\"576\" src=\"https:\/\/marendeepwell.com\/wp-content\/uploads\/2024\/03\/OER24Cover-1024x576.jpg\" alt=\"Drawing of playing cards in front of a blue background featuring the authors\" class=\"wp-image-4852\" style=\"width:500px\" srcset=\"https:\/\/marendeepwell.com\/wp-content\/uploads\/2024\/03\/OER24Cover-1024x576.jpg 1024w, https:\/\/marendeepwell.com\/wp-content\/uploads\/2024\/03\/OER24Cover-300x169.jpg 300w, https:\/\/marendeepwell.com\/wp-content\/uploads\/2024\/03\/OER24Cover-768x432.jpg 768w, https:\/\/marendeepwell.com\/wp-content\/uploads\/2024\/03\/OER24Cover-1536x864.jpg 1536w, https:\/\/marendeepwell.com\/wp-content\/uploads\/2024\/03\/OER24Cover.jpg 1920w\" sizes=\"auto, (max-width: 1024px) 100vw, 1024px\" \/><\/a><\/figure>\n<\/div>\n\n\n<p class=\"wp-block-paragraph\">Another short presentation, this one together with Martin Weller, was another highlight for me. Entitled &#8220;<a href=\"https:\/\/marendeepwell.com\/?p=4851\">The sound of Open Practice in social media wilderness<\/a>&#8221; this talk focused on open practice in the form of radio and podcasts, and you can access our <a href=\"https:\/\/marendeepwell.com\/?p=4851\">slides and a podcast version of the talk<\/a> complete with re-mixed Visual Thinkery, thanks to Bryan Mather&#8217;s <a href=\"https:\/\/remixer.visualthinkery.com\/\">Fabulous Remixer Machine<\/a>.<\/p>\n\n\n<div class=\"wp-block-image\">\n<figure class=\"aligncenter size-large is-resized\"><a href=\"https:\/\/marendeepwell.com\/wp-content\/uploads\/2024\/03\/Screenshot-2024-03-06-at-13.35.58-1.png\"><img loading=\"lazy\" decoding=\"async\" width=\"1024\" height=\"619\" src=\"https:\/\/marendeepwell.com\/wp-content\/uploads\/2024\/03\/Screenshot-2024-03-06-at-13.35.58-1-1024x619.png\" alt=\"\" class=\"wp-image-4830\" style=\"width:500px\" srcset=\"https:\/\/marendeepwell.com\/wp-content\/uploads\/2024\/03\/Screenshot-2024-03-06-at-13.35.58-1-1024x619.png 1024w, https:\/\/marendeepwell.com\/wp-content\/uploads\/2024\/03\/Screenshot-2024-03-06-at-13.35.58-1-300x181.png 300w, https:\/\/marendeepwell.com\/wp-content\/uploads\/2024\/03\/Screenshot-2024-03-06-at-13.35.58-1-768x464.png 768w, https:\/\/marendeepwell.com\/wp-content\/uploads\/2024\/03\/Screenshot-2024-03-06-at-13.35.58-1-1536x928.png 1536w, https:\/\/marendeepwell.com\/wp-content\/uploads\/2024\/03\/Screenshot-2024-03-06-at-13.35.58-1-2048x1238.png 2048w\" sizes=\"auto, (max-width: 1024px) 100vw, 1024px\" \/><\/a><\/figure>\n<\/div>\n\n\n<p class=\"wp-block-paragraph\">During Open Education Week earlier this month and in the run up to OER24 I got to take part in a number of virtual conversations (<a href=\"https:\/\/marendeepwell.com\/?p=4825\">blog summary<\/a>) and one of the best parts of this week that I was able to connect (and hug!) with so many colleagues in person, many for the first time since before 2020. That weeks like this are once more possible made my heart swell. <\/p>\n\n\n<div class=\"wp-block-image\">\n<figure class=\"aligncenter size-large is-resized\"><a href=\"https:\/\/marendeepwell.com\/wp-content\/uploads\/2024\/03\/image.png\"><img loading=\"lazy\" decoding=\"async\" width=\"1024\" height=\"328\" src=\"https:\/\/marendeepwell.com\/wp-content\/uploads\/2024\/03\/image-1024x328.png\" alt=\"\" class=\"wp-image-4856\" style=\"width:500px\" srcset=\"https:\/\/marendeepwell.com\/wp-content\/uploads\/2024\/03\/image-1024x328.png 1024w, https:\/\/marendeepwell.com\/wp-content\/uploads\/2024\/03\/image-300x96.png 300w, https:\/\/marendeepwell.com\/wp-content\/uploads\/2024\/03\/image-768x246.png 768w, https:\/\/marendeepwell.com\/wp-content\/uploads\/2024\/03\/image-1536x492.png 1536w, https:\/\/marendeepwell.com\/wp-content\/uploads\/2024\/03\/image.png 2000w\" sizes=\"auto, (max-width: 1024px) 100vw, 1024px\" \/><\/a><\/figure>\n<\/div>\n\n\n<p class=\"wp-block-paragraph\">There were also many absent friends, who weren&#8217;t able to join the gathering, and this is where being in a conference full of people not afraid to jump onto the airwaves or the interweb and start an impromptu live broadcast of hallway chats really helps! One of the voices we missed amongst the chorus at OER24 was Jim Groom, who still managed to permeate many conversations and moments of people shouting &#8220;4life&#8221; from the back seats. <\/p>\n\n\n\n<p class=\"wp-block-paragraph\">Jim published <a href=\"https:\/\/bavatuesdays.com\/that-mathers-aesthetic\/\">a wonderful blog post<\/a> celebrating <a href=\"https:\/\/blog.reclaimhosting.com\/a-visual-anthology-of-10-years-of-reclaim\/\">our visual anthology of Reclaim&#8217;s first decade<\/a> with a tribute to That Mathers Aesthetic!  &#8230; Needless to say that that aesthetic shone through the whole event, not least in the funny and stunning artwork Bryan created for it.<\/p>\n\n\n<div class=\"wp-block-image\">\n<figure class=\"aligncenter size-full is-resized\"><a href=\"https:\/\/marendeepwell.com\/wp-content\/uploads\/2024\/03\/IMG_1349-1-scaled.jpg\"><img loading=\"lazy\" decoding=\"async\" width=\"2560\" height=\"1920\" src=\"https:\/\/marendeepwell.com\/wp-content\/uploads\/2024\/03\/IMG_1349-1-scaled.jpg\" alt=\"\" class=\"wp-image-4857\" style=\"width:500px\" srcset=\"https:\/\/marendeepwell.com\/wp-content\/uploads\/2024\/03\/IMG_1349-1-scaled.jpg 2560w, https:\/\/marendeepwell.com\/wp-content\/uploads\/2024\/03\/IMG_1349-1-300x225.jpg 300w, https:\/\/marendeepwell.com\/wp-content\/uploads\/2024\/03\/IMG_1349-1-1024x768.jpg 1024w, https:\/\/marendeepwell.com\/wp-content\/uploads\/2024\/03\/IMG_1349-1-768x576.jpg 768w, https:\/\/marendeepwell.com\/wp-content\/uploads\/2024\/03\/IMG_1349-1-1536x1152.jpg 1536w, https:\/\/marendeepwell.com\/wp-content\/uploads\/2024\/03\/IMG_1349-1-2048x1536.jpg 2048w\" sizes=\"auto, (max-width: 2560px) 100vw, 2560px\" \/><\/a><\/figure>\n<\/div>\n\n\n<p class=\"wp-block-paragraph\">I hope my first time taking part as a delegate won&#8217;t be my last, as this year&#8217;s OER Conference has confirmed for me what I long knew to be true: this is my favourite conference, and it has been for a decade. <\/p>\n\n\n\n<p class=\"wp-block-paragraph\">It&#8217;s small enough to allow for a sense of community and conversations, it&#8217;s big enough to always attract new voices and viewpoints, it&#8217;s special enough to inspire each year&#8217;s hosts to go yet another extra mile&#8230; and it&#8217;s important enough for an Association like ALT to put it&#8217;s weight behind it, year after year. <\/p>\n\n\n\n<p class=\"wp-block-paragraph\">Most importantly, it&#8217;s loved enough to bring out the very best in everyone who takes part. <\/p>\n\n\n\n<h2 class=\"wp-block-heading\">P.P.S. (A personal post script)<\/h2>\n\n\n\n<p class=\"wp-block-paragraph\">I leave Cork with much inspiration, a bag filled with small tokens of joy and friendship (thank you!) and a whole collection of stickers, as well as references, resources, ideas and a phone full of photos of smiling, hugging people. <\/p>\n\n\n\n<p class=\"wp-block-paragraph\">In these (post) pandemic times I feel that opportunities for saying thank you, for recognising contributions and for celebrating big milestones are all too fleeting, few and far between. We are quick to move on to the next thing, to focus on the biggest challenges ahead. All the keynotes at OER24 reminded us of the bigger picture, the power of open to help us meet the moment, as Catherine Cronin and Laura Czerniewicz expressed this so beautifully.<\/p>\n\n\n\n<p class=\"wp-block-paragraph\">So in the spirit of taking a moment to celebrate, I also leave with the memory of Rajiv Jhangiani helping us mark Martin Weller&#8217;s 30 years in edtech and his long service in both the conference and the wider community and it was a privilege to be able to experience that together with so many with whom Martin has worked and shared friendships with. Thank you OER24. <\/p>\n\n\n<div class=\"wp-block-image\">\n<figure class=\"aligncenter size-large is-resized\"><a href=\"https:\/\/marendeepwell.com\/wp-content\/uploads\/2024\/03\/IMG_1333.jpg\"><img loading=\"lazy\" decoding=\"async\" width=\"1024\" height=\"1024\" src=\"https:\/\/marendeepwell.com\/wp-content\/uploads\/2024\/03\/IMG_1333-1024x1024.jpg\" alt=\"\" class=\"wp-image-4859\" style=\"width:500px\" srcset=\"https:\/\/marendeepwell.com\/wp-content\/uploads\/2024\/03\/IMG_1333-1024x1024.jpg 1024w, https:\/\/marendeepwell.com\/wp-content\/uploads\/2024\/03\/IMG_1333-300x300.jpg 300w, https:\/\/marendeepwell.com\/wp-content\/uploads\/2024\/03\/IMG_1333-150x150.jpg 150w, https:\/\/marendeepwell.com\/wp-content\/uploads\/2024\/03\/IMG_1333-768x768.jpg 768w, https:\/\/marendeepwell.com\/wp-content\/uploads\/2024\/03\/IMG_1333-1536x1536.jpg 1536w, https:\/\/marendeepwell.com\/wp-content\/uploads\/2024\/03\/IMG_1333.jpg 1633w\" sizes=\"auto, (max-width: 1024px) 100vw, 1024px\" \/><\/a><\/figure>\n<\/div>\n\n\n<div style=\"padding:20px\" class=\"wp-block-tnp-minimal\"><p>Enjoyed this post? Subscribe to my free monthly newsletter:<\/p><div><div class=\"tnp tnp-subscription-minimal  \"><form action=\"https:\/\/marendeepwell.com\/wp-admin\/admin-ajax.php?action=tnp&amp;na=s\" method=\"post\" style=\"text-align: center\"><input type=\"hidden\" name=\"nr\" value=\"minimal\">\n<input type=\"hidden\" name=\"nlang\" value=\"\">\n<input class=\"tnp-email\" type=\"email\" required name=\"ne\" value=\"\" placeholder=\"Email\"><input class=\"tnp-submit\" type=\"submit\" value=\"Subscribe\" style=\"\">\n<div class=\"tnp-field tnp-privacy-field\"><label><input type=\"checkbox\" name=\"ny\" required class=\"tnp-privacy\"> <a target=\"_blank\" href=\"https:\/\/marendeepwell.com\/?page_id=1544\">I accept the privacy policy<\/a><\/label><\/div><\/form><\/div>\n<\/div><\/div>\n","protected":false},"excerpt":{"rendered":"<p>I am still in Cork, Ireland, as I write this post, feeling both tired and elated after a wonderful week at the OER24 Conference. My first time attending the conference as a delegate was a great experience, and I thoroughly enjoyed it! The Co-Chairs, Dr Gear\u00f3id \u00d3 S\u00failleabh\u00e1in and Dr Tom Farrelly from the host institution Munster Technological University (MTU). led a fantastic effort together with ALT&#8217;s team headed up by Kerry Pinny, and the&#8230;<\/p>\n<div class=\"more-link-wrapper\"><a class=\"more-link\" href=\"https:\/\/marendeepwell.com\/?p=4855\">Read more<span class=\"screen-reader-text\">OER24: Blogging is the way&#8230; open is the way<\/span><\/a><\/div>\n","protected":false},"author":1,"featured_media":4858,"comment_status":"open","ping_status":"open","sticky":false,"template":"","format":"standard","meta":{"_crdt_document":"","_jetpack_newsletter_access":"","_jetpack_dont_email_post_to_subs":false,"_jetpack_newsletter_tier_id":0,"_jetpack_memberships_contains_paywalled_content":false,"_jetpack_memberships_contains_paid_content":false,"footnotes":""},"categories":[15],"tags":[],"class_list":["post-4855","post","type-post","status-publish","format-standard","has-post-thumbnail","hentry","category-leadership","entry"],"jetpack_featured_media_url":"https:\/\/marendeepwell.com\/wp-content\/uploads\/2024\/03\/IMG_1308-scaled.jpg","jetpack_sharing_enabled":true,"jetpack_shortlink":"https:\/\/wp.me\/p7wa4N-1gj","_links":{"self":[{"href":"https:\/\/marendeepwell.com\/index.php?rest_route=\/wp\/v2\/posts\/4855","targetHints":{"allow":["GET"]}}],"collection":[{"href":"https:\/\/marendeepwell.com\/index.php?rest_route=\/wp\/v2\/posts"}],"about":[{"href":"https:\/\/marendeepwell.com\/index.php?rest_route=\/wp\/v2\/types\/post"}],"author":[{"embeddable":true,"href":"https:\/\/marendeepwell.com\/index.php?rest_route=\/wp\/v2\/users\/1"}],"replies":[{"embeddable":true,"href":"https:\/\/marendeepwell.com\/index.php?rest_route=%2Fwp%2Fv2%2Fcomments&post=4855"}],"version-history":[{"count":8,"href":"https:\/\/marendeepwell.com\/index.php?rest_route=\/wp\/v2\/posts\/4855\/revisions"}],"predecessor-version":[{"id":4871,"href":"https:\/\/marendeepwell.com\/index.php?rest_route=\/wp\/v2\/posts\/4855\/revisions\/4871"}],"wp:featuredmedia":[{"embeddable":true,"href":"https:\/\/marendeepwell.com\/index.php?rest_route=\/wp\/v2\/media\/4858"}],"wp:attachment":[{"href":"https:\/\/marendeepwell.com\/index.php?rest_route=%2Fwp%2Fv2%2Fmedia&parent=4855"}],"wp:term":[{"taxonomy":"category","embeddable":true,"href":"https:\/\/marendeepwell.com\/index.php?rest_route=%2Fwp%2Fv2%2Fcategories&post=4855"},{"taxonomy":"post_tag","embeddable":true,"href":"https:\/\/marendeepwell.com\/index.php?rest_route=%2Fwp%2Fv2%2Ftags&post=4855"}],"curies":[{"name":"wp","href":"https:\/\/api.w.org\/{rel}","templated":true}]}}